{"id":18,"count":1,"description":"","link":"https:\/\/maxencebacher.com\/index.php\/tag\/inspiration\/","name":"INSPIRATION","slug":"inspiration","taxonomy":"post_tag","meta":[],"yoast_head":"<!-- This site is optimized with the Yoast SEO plugin v23.5 - https:\/\/yoast.com\/wordpress\/plugins\/seo\/ -->\n<title>Archives des INSPIRATION - Maxence Bacher<\/title>\n<meta name=\"robots\" content=\"index, follow, max-snippet:-1, max-image-preview:large, max-video-preview:-1\" \/>\n<link rel=\"canonical\" href=\"https:\/\/maxencebacher.com\/index.php\/tag\/inspiration\/\" \/>\n<meta property=\"og:locale\" content=\"fr_FR\" \/>\n<meta property=\"og:type\" content=\"article\" \/>\n<meta property=\"og:title\" content=\"Archives des INSPIRATION - Maxence Bacher\" \/>\n<meta property=\"og:url\" content=\"https:\/\/maxencebacher.com\/index.php\/tag\/inspiration\/\" \/>\n<meta property=\"og:site_name\" content=\"Maxence Bacher\" \/>\n<meta name=\"twitter:card\" content=\"summary_large_image\" \/>\n<script type=\"application\/ld+json\" class=\"yoast-schema-graph\">{\"@context\":\"https:\/\/schema.org\",\"@graph\":[{\"@type\":\"CollectionPage\",\"@id\":\"https:\/\/maxencebacher.com\/index.php\/tag\/inspiration\/\",\"url\":\"https:\/\/maxencebacher.com\/index.php\/tag\/inspiration\/\",\"name\":\"Archives des INSPIRATION - Maxence Bacher\",\"isPartOf\":{\"@id\":\"https:\/\/maxencebacher.com\/#website\"},\"breadcrumb\":{\"@id\":\"https:\/\/maxencebacher.com\/index.php\/tag\/inspiration\/#breadcrumb\"},\"inLanguage\":\"fr-FR\"},{\"@type\":\"BreadcrumbList\",\"@id\":\"https:\/\/maxencebacher.com\/index.php\/tag\/inspiration\/#breadcrumb\",\"itemListElement\":[{\"@type\":\"ListItem\",\"position\":1,\"name\":\"Accueil\",\"item\":\"https:\/\/maxencebacher.com\/\"},{\"@type\":\"ListItem\",\"position\":2,\"name\":\"INSPIRATION\"}]},{\"@type\":\"WebSite\",\"@id\":\"https:\/\/maxencebacher.com\/#website\",\"url\":\"https:\/\/maxencebacher.com\/\",\"name\":\"Maxence Bacher\",\"description\":\"Explorez mon parcours professionnel et acad\u00e9mique.\",\"publisher\":{\"@id\":\"https:\/\/maxencebacher.com\/#\/schema\/person\/60d29cf8312fe8233224dc700569a3fb\"},\"potentialAction\":[{\"@type\":\"SearchAction\",\"target\":{\"@type\":\"EntryPoint\",\"urlTemplate\":\"https:\/\/maxencebacher.com\/?s={search_term_string}\"},\"query-input\":{\"@type\":\"PropertyValueSpecification\",\"valueRequired\":true,\"valueName\":\"search_term_string\"}}],\"inLanguage\":\"fr-FR\"},{\"@type\":[\"Person\",\"Organization\"],\"@id\":\"https:\/\/maxencebacher.com\/#\/schema\/person\/60d29cf8312fe8233224dc700569a3fb\",\"name\":\"Maxence Bacher\",\"image\":{\"@type\":\"ImageObject\",\"inLanguage\":\"fr-FR\",\"@id\":\"https:\/\/maxencebacher.com\/#\/schema\/person\/image\/\",\"url\":\"https:\/\/maxencebacher.com\/wp-content\/uploads\/2023\/11\/logo-mb-2023-08-1.png\",\"contentUrl\":\"https:\/\/maxencebacher.com\/wp-content\/uploads\/2023\/11\/logo-mb-2023-08-1.png\",\"width\":4161,\"height\":4263,\"caption\":\"Maxence Bacher\"},\"logo\":{\"@id\":\"https:\/\/maxencebacher.com\/#\/schema\/person\/image\/\"},\"description\":\"Titulaire d\u2019un Master Information communication et num\u00e9rique, ainsi que d'une formation de Chef de Projet Digital, je suis arm\u00e9 d\u2019une maitrise parfaite des enjeux et des outils de communication. En tant que responsable communication, j'ai d\u00e9velopp\u00e9 une expertise dans la cr\u00e9ation et la mise en \u0153uvre de strat\u00e9gies de communication efficaces pour des entreprises de toutes tailles et dans de nombreux secteurs. Toujours pr\u00eat \u00e0 m'enrichir personnellement et professionnellement, ma conviction profonde est que l\u2019aspiration \u00e0 apprendre et \u00e0 acqu\u00e9rir de nouvelles comp\u00e9tences en permanence est fondamentale dans un monde en perp\u00e9tuelle \u00e9volution. En somme, je consid\u00e8re la curiosit\u00e9 comme une force motrice qui nourrit ma croissance personnelle et me permet d'apporter une perspective innovante \u00e0 toutes les facettes de ma vie.\",\"sameAs\":[\"http:\/\/maxencebacher.com\",\"https:\/\/www.linkedin.com\/in\/maxencebacher\"]}]}<\/script>\n<!-- \/ Yoast SEO plugin. -->","yoast_head_json":{"title":"Archives des INSPIRATION - Maxence Bacher","robots":{"index":"index","follow":"follow","max-snippet":"max-snippet:-1","max-image-preview":"max-image-preview:large","max-video-preview":"max-video-preview:-1"},"canonical":"https:\/\/maxencebacher.com\/index.php\/tag\/inspiration\/","og_locale":"fr_FR","og_type":"article","og_title":"Archives des INSPIRATION - Maxence Bacher","og_url":"https:\/\/maxencebacher.com\/index.php\/tag\/inspiration\/","og_site_name":"Maxence Bacher","twitter_card":"summary_large_image","schema":{"@context":"https:\/\/schema.org","@graph":[{"@type":"CollectionPage","@id":"https:\/\/maxencebacher.com\/index.php\/tag\/inspiration\/","url":"https:\/\/maxencebacher.com\/index.php\/tag\/inspiration\/","name":"Archives des INSPIRATION - Maxence Bacher","isPartOf":{"@id":"https:\/\/maxencebacher.com\/#website"},"breadcrumb":{"@id":"https:\/\/maxencebacher.com\/index.php\/tag\/inspiration\/#breadcrumb"},"inLanguage":"fr-FR"},{"@type":"BreadcrumbList","@id":"https:\/\/maxencebacher.com\/index.php\/tag\/inspiration\/#breadcrumb","itemListElement":[{"@type":"ListItem","position":1,"name":"Accueil","item":"https:\/\/maxencebacher.com\/"},{"@type":"ListItem","position":2,"name":"INSPIRATION"}]},{"@type":"WebSite","@id":"https:\/\/maxencebacher.com\/#website","url":"https:\/\/maxencebacher.com\/","name":"Maxence Bacher","description":"Explorez mon parcours professionnel et acad\u00e9mique.","publisher":{"@id":"https:\/\/maxencebacher.com\/#\/schema\/person\/60d29cf8312fe8233224dc700569a3fb"},"potentialAction":[{"@type":"SearchAction","target":{"@type":"EntryPoint","urlTemplate":"https:\/\/maxencebacher.com\/?s={search_term_string}"},"query-input":{"@type":"PropertyValueSpecification","valueRequired":true,"valueName":"search_term_string"}}],"inLanguage":"fr-FR"},{"@type":["Person","Organization"],"@id":"https:\/\/maxencebacher.com\/#\/schema\/person\/60d29cf8312fe8233224dc700569a3fb","name":"Maxence Bacher","image":{"@type":"ImageObject","inLanguage":"fr-FR","@id":"https:\/\/maxencebacher.com\/#\/schema\/person\/image\/","url":"https:\/\/maxencebacher.com\/wp-content\/uploads\/2023\/11\/logo-mb-2023-08-1.png","contentUrl":"https:\/\/maxencebacher.com\/wp-content\/uploads\/2023\/11\/logo-mb-2023-08-1.png","width":4161,"height":4263,"caption":"Maxence Bacher"},"logo":{"@id":"https:\/\/maxencebacher.com\/#\/schema\/person\/image\/"},"description":"Titulaire d\u2019un Master Information communication et num\u00e9rique, ainsi que d'une formation de Chef de Projet Digital, je suis arm\u00e9 d\u2019une maitrise parfaite des enjeux et des outils de communication. En tant que responsable communication, j'ai d\u00e9velopp\u00e9 une expertise dans la cr\u00e9ation et la mise en \u0153uvre de strat\u00e9gies de communication efficaces pour des entreprises de toutes tailles et dans de nombreux secteurs. Toujours pr\u00eat \u00e0 m'enrichir personnellement et professionnellement, ma conviction profonde est que l\u2019aspiration \u00e0 apprendre et \u00e0 acqu\u00e9rir de nouvelles comp\u00e9tences en permanence est fondamentale dans un monde en perp\u00e9tuelle \u00e9volution. En somme, je consid\u00e8re la curiosit\u00e9 comme une force motrice qui nourrit ma croissance personnelle et me permet d'apporter une perspective innovante \u00e0 toutes les facettes de ma vie.","sameAs":["http:\/\/maxencebacher.com","https:\/\/www.linkedin.com\/in\/maxencebacher"]}]}},"_links":{"self":[{"href":"https:\/\/maxencebacher.com\/index.php\/wp-json\/wp\/v2\/tags\/18"}],"collection":[{"href":"https:\/\/maxencebacher.com\/index.php\/wp-json\/wp\/v2\/tags"}],"about":[{"href":"https:\/\/maxencebacher.com\/index.php\/wp-json\/wp\/v2\/taxonomies\/post_tag"}],"wp:post_type":[{"href":"https:\/\/maxencebacher.com\/index.php\/wp-json\/wp\/v2\/posts?tags=18"}],"curies":[{"name":"wp","href":"https:\/\/api.w.org\/{rel}","templated":true}]}}